{"id":6241,"date":"2022-06-09T16:57:29","date_gmt":"2022-06-09T14:57:29","guid":{"rendered":"https:\/\/www.amsra.fr\/blog\/?p=6241"},"modified":"2025-12-18T19:47:56","modified_gmt":"2025-12-18T18:47:56","slug":"action-sur-la-mobilite-organisee-par-la-cdc-de-castillon-pujols-04-06-2022","status":"publish","type":"post","link":"https:\/\/www.amsra.fr\/blog\/actualites\/action-sur-la-mobilite-organisee-par-la-cdc-de-castillon-pujols-04-06-2022","title":{"rendered":"ACTION SUR LA MOBILIT\u00c9 ORGANIS\u00c9E PAR LA CDC DE CASTILLON PUJOLS 04\/06\/2022"},"content":{"rendered":"<p style=\"line-height: 1.71429; margin-bottom: 1.71429rem;\"><span style=\"font-size: 12pt;\">Organis\u00e9e par la Communaut\u00e9 de Communes de Castillon - Pujols, cette journ\u00e9e de la mobilit\u00e9 visait \u00e0 promouvoir la r\u00e9flexion sur les dangers des divers types de mobilit\u00e9.\u00a0<\/span><span style=\"font-size: 12pt;\">Elle s'est d\u00e9roul\u00e9e place Jacques Boyer Andrivet \u00e0 Castillon la Bataille.\u00a0<\/span><span style=\"font-size: 12pt;\">On a not\u00e9 la pr\u00e9sence de M. Jacques BREILLAT maire de Castillon La Bataille.<\/span><\/p>\n<p><a href=\"https:\/\/www.amsra.fr\/blog\/wp-content\/uploads\/2022\/06\/f7de39ef-3c23-4258-9ec0-3fd3470c2475.jpg\"><img loading=\"lazy\" decoding=\"async\" class=\"alignnone wp-image-6240 size-thumbnail colorbox-6241\" src=\"https:\/\/www.amsra.fr\/blog\/wp-content\/uploads\/2022\/06\/f7de39ef-3c23-4258-9ec0-3fd3470c2475-150x150.jpg\" alt=\"\" width=\"150\" height=\"150\" \/><\/a> <a href=\"https:\/\/www.amsra.fr\/blog\/wp-content\/uploads\/2022\/06\/e460969f-67d1-4e19-bc39-158e6470e418-1.jpg\"><img loading=\"lazy\" decoding=\"async\" class=\"alignnone wp-image-6238 size-thumbnail colorbox-6241\" src=\"https:\/\/www.amsra.fr\/blog\/wp-content\/uploads\/2022\/06\/e460969f-67d1-4e19-bc39-158e6470e418-1-150x150.jpg\" alt=\"\" width=\"150\" height=\"150\" \/><\/a> <a href=\"https:\/\/www.amsra.fr\/blog\/wp-content\/uploads\/2022\/06\/2db87755-823d-4e31-b304-0d4993b37430.jpg\"><img loading=\"lazy\" decoding=\"async\" class=\"alignnone wp-image-6233 size-thumbnail colorbox-6241\" src=\"https:\/\/www.amsra.fr\/blog\/wp-content\/uploads\/2022\/06\/2db87755-823d-4e31-b304-0d4993b37430-150x150.jpg\" alt=\"\" width=\"150\" height=\"150\" \/><\/a> <a href=\"https:\/\/www.amsra.fr\/blog\/wp-content\/uploads\/2022\/06\/0ded8039-b761-4226-ad65-31bd36c9f2e4.jpg\"><img loading=\"lazy\" decoding=\"async\" class=\"alignnone wp-image-6230 size-thumbnail colorbox-6241\" src=\"https:\/\/www.amsra.fr\/blog\/wp-content\/uploads\/2022\/06\/0ded8039-b761-4226-ad65-31bd36c9f2e4-150x150.jpg\" alt=\"\" width=\"150\" height=\"150\" \/><\/a> <a href=\"https:\/\/www.amsra.fr\/blog\/wp-content\/uploads\/2022\/06\/852d1a7f-c35c-4ed5-9841-ddb6d3e54f93.jpg\"><img loading=\"lazy\" decoding=\"async\" class=\"alignnone wp-image-6235 size-thumbnail colorbox-6241\" src=\"https:\/\/www.amsra.fr\/blog\/wp-content\/uploads\/2022\/06\/852d1a7f-c35c-4ed5-9841-ddb6d3e54f93-150x150.jpg\" alt=\"\" width=\"150\" height=\"150\" \/><\/a><a href=\"https:\/\/www.amsra.fr\/blog\/wp-content\/uploads\/2022\/06\/e719a17b-39f9-4042-8c1d-f803ea2f163b.jpg\"><img loading=\"lazy\" decoding=\"async\" class=\"alignnone wp-image-6237 size-thumbnail colorbox-6241\" src=\"https:\/\/www.amsra.fr\/blog\/wp-content\/uploads\/2022\/06\/e719a17b-39f9-4042-8c1d-f803ea2f163b-150x150.jpg\" alt=\"\" width=\"150\" height=\"150\" \/><\/a><\/p>\n","protected":false},"excerpt":{"rendered":"<p>Organis\u00e9e par la Communaut\u00e9 de Communes de Castillon &#8211; Pujols, cette journ\u00e9e de la mobilit\u00e9 visait \u00e0 promouvoir la r\u00e9flexion sur les dangers des divers types de mobilit\u00e9.\u00a0Elle s&rsquo;est d\u00e9roul\u00e9e place Jacques Boyer Andrivet \u00e0 Castillon la Bataille.\u00a0On a not\u00e9 la pr\u00e9sence de M. Jacques BREILLAT maire de Castillon La Bataille.<\/p>\n","protected":false},"author":2,"featured_media":0,"comment_status":"closed","ping_status":"closed","sticky":false,"template":"","format":"standard","meta":{"footnotes":""},"categories":[16],"tags":[],"class_list":["post-6241","post","type-post","status-publish","format-standard","hentry","category-actualites"],"_links":{"self":[{"href":"https:\/\/www.amsra.fr\/blog\/wp-json\/wp\/v2\/posts\/6241","targetHints":{"allow":["GET"]}}],"collection":[{"href":"https:\/\/www.amsra.fr\/blog\/wp-json\/wp\/v2\/posts"}],"about":[{"href":"https:\/\/www.amsra.fr\/blog\/wp-json\/wp\/v2\/types\/post"}],"author":[{"embeddable":true,"href":"https:\/\/www.amsra.fr\/blog\/wp-json\/wp\/v2\/users\/2"}],"replies":[{"embeddable":true,"href":"https:\/\/www.amsra.fr\/blog\/wp-json\/wp\/v2\/comments?post=6241"}],"version-history":[{"count":6,"href":"https:\/\/www.amsra.fr\/blog\/wp-json\/wp\/v2\/posts\/6241\/revisions"}],"predecessor-version":[{"id":6247,"href":"https:\/\/www.amsra.fr\/blog\/wp-json\/wp\/v2\/posts\/6241\/revisions\/6247"}],"wp:attachment":[{"href":"https:\/\/www.amsra.fr\/blog\/wp-json\/wp\/v2\/media?parent=6241"}],"wp:term":[{"taxonomy":"category","embeddable":true,"href":"https:\/\/www.amsra.fr\/blog\/wp-json\/wp\/v2\/categories?post=6241"},{"taxonomy":"post_tag","embeddable":true,"href":"https:\/\/www.amsra.fr\/blog\/wp-json\/wp\/v2\/tags?post=6241"}],"curies":[{"name":"wp","href":"https:\/\/api.w.org\/{rel}","templated":true}]}}