{"id":6055,"date":"2022-03-13T10:30:27","date_gmt":"2022-03-13T09:30:27","guid":{"rendered":"https:\/\/www.amsra.fr\/blog\/?p=6055"},"modified":"2022-03-13T10:30:33","modified_gmt":"2022-03-13T09:30:33","slug":"lamsra-en-cote-divoire","status":"publish","type":"post","link":"https:\/\/www.amsra.fr\/blog\/uncategorized\/lamsra-en-cote-divoire","title":{"rendered":"L&rsquo;AMSRA EN C\u00d4TE D&rsquo;IVOIRE"},"content":{"rendered":"<p><a href=\"https:\/\/www.amsra.fr\/blog\/wp-content\/uploads\/2022\/03\/carte-cote-ivoire.gif\"><img loading=\"lazy\" decoding=\"async\" class=\"alignnone wp-image-6060 colorbox-6055\" title=\"La C\u00f4te d'Ivoire\" src=\"https:\/\/www.amsra.fr\/blog\/wp-content\/uploads\/2022\/03\/carte-cote-ivoire-150x150.gif\" alt=\"La C\u00f4te d'Ivoire\" width=\"223\" height=\"223\" \/><\/a> <a href=\"https:\/\/www.amsra.fr\/blog\/wp-content\/uploads\/2022\/03\/6b5fd4e69448844a74b9df9c7a36416b-scaled-e1647161835974.jpg\"><img loading=\"lazy\" decoding=\"async\" class=\"alignnone wp-image-6065 colorbox-6055\" title=\"Yamoussoukro, la capitale\" src=\"https:\/\/www.amsra.fr\/blog\/wp-content\/uploads\/2022\/03\/6b5fd4e69448844a74b9df9c7a36416b-scaled-e1647161835974.jpg\" alt=\"Yamoussoukro, la capitale\" width=\"395\" height=\"223\" \/><\/a><\/p>\n<p>&nbsp;<\/p>\n<p><span style=\"font-size: 12pt;\">La demand<\/span><span style=\"font-size: 12pt;\">e n<\/span><span style=\"font-size: 12pt;\">ous a surpris mais elle est bien r\u00e9elle.<\/span><\/p>\n<p style=\"text-align: justify;\"><strong><span style=\"font-size: 12pt;\">Profitant d'un voyage en C\u00d4TE D'IVOIRE de notre coll\u00e8gue Alain RAMBAUD, l'\u00e9tablissement \"LE COURS S\u00c9VIGN\u00c9\" \u00e0 ABIDJAN a sollicit\u00e9 l'AMSRA pour une action S\u00e9curit\u00e9 Routi\u00e8re aupr\u00e8s d'\u00e9l\u00e8ves de cet \u00e9tablissement.<\/span><\/strong><\/p>\n<h2><span style=\"font-size: 12pt;\">LE COURS S\u00c9VIGN\u00c9<\/span><\/h2>\n<p style=\"text-align: justify;\"><span style=\"font-size: 12pt;\">C'est un \u00e9tablissement scolaire accueillant plus de 1 000 des \u00e9l\u00e8ves de la maternelle \u00e0 la classe de 3\u00e8me, partenaire de l'Agence pour l'Enseignement Fran\u00e7ais \u00e0 l'\u00c9tranger (AEFE - 552 \u00e9tablissements dans\u00a0 138 pays) . Il offre un environnement multiculturel et multilingue<\/span><\/p>\n<p><a href=\"https:\/\/www.amsra.fr\/blog\/wp-content\/uploads\/2022\/03\/Cours-sevigne.jpg\"><img loading=\"lazy\" decoding=\"async\" class=\"alignnone wp-image-6061 colorbox-6055\" src=\"https:\/\/www.amsra.fr\/blog\/wp-content\/uploads\/2022\/03\/Cours-sevigne.jpg\" alt=\"\" width=\"300\" height=\"228\" \/><\/a>\u00a0 \u00a0\u00a0 <a href=\"https:\/\/www.amsra.fr\/blog\/wp-content\/uploads\/2022\/03\/Cours-sevigne-1-e1647162834921.jpg\"><img loading=\"lazy\" decoding=\"async\" class=\"alignnone wp-image-6064 colorbox-6055\" src=\"https:\/\/www.amsra.fr\/blog\/wp-content\/uploads\/2022\/03\/Cours-sevigne-1-e1647162834921.jpg\" alt=\"\" width=\"300\" height=\"228\" \/><\/a><\/p>\n<h2><span style=\"font-size: 12pt;\">L'ACTION AMSRA<\/span><\/h2>\n<p style=\"text-align: justify;\"><span style=\"font-size: 12pt;\">Les 21 et 23 mars 2022, Alain RAMBAUD assurera des ateliers principalement\u00a0<\/span><\/p>\n<p style=\"text-align: justify;\"><span style=\"font-size: 12pt;\">centr\u00e9s sur <strong>le pi\u00e9ton<\/strong> et la<strong> ceinture de s\u00e9curit\u00e9<\/strong> en utilisant pour la partie th\u00e9orique, les supports p\u00e9dagogiques informatiques et papier r\u00e9alis\u00e9s par l'AMSRA et un v\u00e9hicule mis a sa disposition pour la partie pratique. Ces ateliers seront destin\u00e9s essentiellement \u00e0 des \u00e9l\u00e8ves de 5\u00e8me et 3\u00e8me.<\/span><\/p>\n<p style=\"text-align: justify;\"><span style=\"font-size: 12pt;\">Alain en profitera pour former un animateur \u00e0 la s\u00e9curit\u00e9 routi\u00e8re pour poursuivre les actions de pr\u00e9vention et d'\u00e9ducation \u00e0 la s\u00e9curit\u00e9 routi\u00e8re et lui remettre des \u00e9l\u00e9ments p\u00e9dagogiques et des documents pour l'aider dans sa t\u00e2che.<\/span><\/p>\n<h2><span style=\"font-size: 12pt;\">L'INS\u00c9CURIT\u00c9 ROUTI\u00c8RE EN C\u00d4TE D'IVOIRE<\/span><\/h2>\n<p><a href=\"https:\/\/www.amsra.fr\/blog\/wp-content\/uploads\/2022\/03\/Abidjan.png.jpg\"><img loading=\"lazy\" decoding=\"async\" class=\"alignnone wp-image-6069 colorbox-6055\" title=\"Abidjan\" src=\"https:\/\/www.amsra.fr\/blog\/wp-content\/uploads\/2022\/03\/Abidjan.png.jpg\" alt=\"Abidjan\" width=\"624\" height=\"217\" srcset=\"https:\/\/www.amsra.fr\/blog\/wp-content\/uploads\/2022\/03\/Abidjan.png.jpg 592w, https:\/\/www.amsra.fr\/blog\/wp-content\/uploads\/2022\/03\/Abidjan.png-400x139.jpg 400w\" sizes=\"auto, (max-width: 624px) 100vw, 624px\" \/><\/a><\/p>\n<p style=\"text-align: justify;\"><span style=\"font-size: 12pt;\">Selon les sources officielles , en <strong>2021<\/strong>, la C\u00f4te d'Ivoire a connu pour une population de 27 millions d'habitants : <strong>11 500 accidents corporels avec 501 morts et 11 002 bless\u00e9s.<\/strong><\/span><\/p>\n<ul>\n<li style=\"text-align: justify;\"><span style=\"font-size: 12pt;\"><strong>50 % des accidents<\/strong> ont lieu sur l'<strong>agglom\u00e9ration d'Abidjan avec 245 morts et 7 458 bless\u00e9s.<\/strong><\/span><\/li>\n<li style=\"text-align: justify;\"><span style=\"font-size: 12pt;\">L'axe<strong> le plus accidentog\u00e8ne<\/strong> est la route reliant <strong>Abidjan \u00e0 la ville d'Abengourou<\/strong>.-<\/span><\/li>\n<li style=\"text-align: justify;\"><span style=\"font-size: 12pt;\">Sur les 5 derni\u00e8res ann\u00e9es, le <strong>bilan moyen<\/strong> est de <strong>12 000 accidents, plus de 1 200 tu\u00e9s et plus de 21 000 bless\u00e9s.<\/strong><\/span><\/li>\n<\/ul>\n<h2><span style=\"font-size: 12pt;\">QUI EST ALAIN RAMBAUD<\/span><\/h2>\n<p style=\"text-align: justify;\"><span style=\"font-size: 12pt;\">Il est membre de l'AMSRA, membre du Conseil d'Administration et du Bureau, charg\u00e9 plus particuli\u00e8rement des relations avec\u00a0 les administrations.<\/span><\/p>\n<p style=\"text-align: justify;\"><span style=\"font-size: 12pt;\">Il a \u00e9t\u00e9 coordinateur adjoint \u00e0 la S\u00e9curit\u00e9 Routi\u00e8re de la Pr\u00e9fecture de la Gironde et charg\u00e9 de mission pour les deux-roues motoris\u00e9s.<\/span><\/p>\n<p><span style=\"font-size: 12pt;\">Nous vous tiendrons au courant de la suite de cette mission.<\/span><\/p>\n<p>&nbsp;<\/p>\n","protected":false},"excerpt":{"rendered":"<p>&nbsp; La demande nous a surpris mais elle est bien r\u00e9elle. Profitant d&rsquo;un voyage en C\u00d4TE D&rsquo;IVOIRE de notre coll\u00e8gue Alain RAMBAUD, l&rsquo;\u00e9tablissement \u00ab\u00a0LE COURS S\u00c9VIGN\u00c9\u00a0\u00bb \u00e0 ABIDJAN a sollicit\u00e9 l&rsquo;AMSRA pour une action S\u00e9curit\u00e9 Routi\u00e8re aupr\u00e8s d&rsquo;\u00e9l\u00e8ves de cet \u00e9tablissement. LE COURS S\u00c9VIGN\u00c9 C&rsquo;est un \u00e9tablissement scolaire accueillant plus de 1 000 des \u00e9l\u00e8ves [&hellip;]<\/p>\n","protected":false},"author":2,"featured_media":0,"comment_status":"closed","ping_status":"closed","sticky":false,"template":"","format":"standard","meta":{"footnotes":""},"categories":[1],"tags":[],"class_list":["post-6055","post","type-post","status-publish","format-standard","hentry","category-uncategorized"],"_links":{"self":[{"href":"https:\/\/www.amsra.fr\/blog\/wp-json\/wp\/v2\/posts\/6055","targetHints":{"allow":["GET"]}}],"collection":[{"href":"https:\/\/www.amsra.fr\/blog\/wp-json\/wp\/v2\/posts"}],"about":[{"href":"https:\/\/www.amsra.fr\/blog\/wp-json\/wp\/v2\/types\/post"}],"author":[{"embeddable":true,"href":"https:\/\/www.amsra.fr\/blog\/wp-json\/wp\/v2\/users\/2"}],"replies":[{"embeddable":true,"href":"https:\/\/www.amsra.fr\/blog\/wp-json\/wp\/v2\/comments?post=6055"}],"version-history":[{"count":10,"href":"https:\/\/www.amsra.fr\/blog\/wp-json\/wp\/v2\/posts\/6055\/revisions"}],"predecessor-version":[{"id":6074,"href":"https:\/\/www.amsra.fr\/blog\/wp-json\/wp\/v2\/posts\/6055\/revisions\/6074"}],"wp:attachment":[{"href":"https:\/\/www.amsra.fr\/blog\/wp-json\/wp\/v2\/media?parent=6055"}],"wp:term":[{"taxonomy":"category","embeddable":true,"href":"https:\/\/www.amsra.fr\/blog\/wp-json\/wp\/v2\/categories?post=6055"},{"taxonomy":"post_tag","embeddable":true,"href":"https:\/\/www.amsra.fr\/blog\/wp-json\/wp\/v2\/tags?post=6055"}],"curies":[{"name":"wp","href":"https:\/\/api.w.org\/{rel}","templated":true}]}}