{"id":6024,"date":"2021-11-02T18:29:12","date_gmt":"2021-11-02T17:29:12","guid":{"rendered":"https:\/\/www.amsra.fr\/blog\/?p=6024"},"modified":"2021-11-02T18:29:44","modified_gmt":"2021-11-02T17:29:44","slug":"changement-dhoraire-moindre-visibilite","status":"publish","type":"post","link":"https:\/\/www.amsra.fr\/blog\/uncategorized\/changement-dhoraire-moindre-visibilite","title":{"rendered":"CHANGEMENT D&rsquo;HORAIRE, VOIR ET \u00caTRE VU !"},"content":{"rendered":"<p style=\"text-align: justify;\"><span style=\"font-size: 12pt;\"><strong>Depuis le 31 octobre, nous sommes pass\u00e9s en horaire d'hiver. Par cons\u00e9quence, la nuit appara\u00eet plut\u00f4t. \u00c0 la fin de l'automne et durant tout l'hiver, au coucher du soleil et au lever, la visibilit\u00e9 est moindre, les contrastes sont plus faibles et notre champ de vision binoculaire est r\u00e9tr\u00e9ci.<\/strong><\/span><\/p>\n<p style=\"text-align: justify;\"><span style=\"font-size: 12pt;\"><strong>A ces facteurs s'ajoutent souvent les brumes, brouillards et pluies qui viennent perturber notre vision de la route et la vision des autres conducteurs. Nous devons donc \u00eatre bien\u00a0 vus et bien voir.<\/strong><\/span><\/p>\n<h2><span style=\"color: #0000ff;\">RAPPEL POUR LES CYCLISTES<\/span><\/h2>\n<p><img loading=\"lazy\" decoding=\"async\" class=\"alignnone wp-image-6028 size-large colorbox-6024\" src=\"https:\/\/www.amsra.fr\/blog\/wp-content\/uploads\/2021\/10\/Cycliste-pour-blog-1-1024x623.png\" alt=\"\" width=\"625\" height=\"380\" srcset=\"https:\/\/www.amsra.fr\/blog\/wp-content\/uploads\/2021\/10\/Cycliste-pour-blog-1-1024x623.png 1024w, https:\/\/www.amsra.fr\/blog\/wp-content\/uploads\/2021\/10\/Cycliste-pour-blog-1-400x243.png 400w, https:\/\/www.amsra.fr\/blog\/wp-content\/uploads\/2021\/10\/Cycliste-pour-blog-1-768x467.png 768w, https:\/\/www.amsra.fr\/blog\/wp-content\/uploads\/2021\/10\/Cycliste-pour-blog-1-1536x934.png 1536w, https:\/\/www.amsra.fr\/blog\/wp-content\/uploads\/2021\/10\/Cycliste-pour-blog-1-624x379.png 624w, https:\/\/www.amsra.fr\/blog\/wp-content\/uploads\/2021\/10\/Cycliste-pour-blog-1.png 1822w\" sizes=\"auto, (max-width: 625px) 100vw, 625px\" \/><\/p>\n<p style=\"text-align: justify;\"><span style=\"font-size: 12pt;\"><strong><span style=\"color: #ff0000;\">Obligatoires pour le cycle : <span style=\"color: #000000;\">f<\/span><\/span><span style=\"color: #000000;\">eu blanc ou jaune \u00e0 l'avant (la nuit ou si visibilit\u00e9 insuffisante) ; feu arri\u00e8re rouge non clignotant (la nuit ou si visibilit\u00e9 insuffisante) ; catadioptres de couleur rouge \u00e0 l'arri\u00e8re, de couleur blanche \u00e0 l'avant, de couleur orange sur les c\u00f4t\u00e9s et sur les p\u00e9dales ; freins avant et arri\u00e8re ; avertisseur sonore.<\/span><\/strong><\/span><\/p>\n<p style=\"text-align: justify;\"><span style=\"color: #ff0000;\"><strong><span style=\"font-size: 12pt;\">Obligatoires pour le conducteur : <span style=\"color: #000000;\">gilet pour tout cycliste et son passager circulant hors agglom\u00e9ration,\u00a0 la nuit ou lorsque la visibilit\u00e9 est insuffisante.\u00a0<\/span><\/span><\/strong><\/span><\/p>\n<p style=\"text-align: justify;\"><strong><span style=\"font-size: 12pt;\"><span style=\"color: #ff6600;\">Fortement recommand\u00e9s : <span style=\"color: #000000;\">En toutes circonstances, casque et gilet r\u00e9tror\u00e9fl\u00e9chissant<\/span><\/span><\/span><\/strong><\/p>\n<p style=\"text-align: justify;\"><strong><span style=\"font-size: 12pt;\"><span style=\"color: #008000;\">Recommand\u00e9s :<\/span> Pneus \u00e0 bande <span style=\"font-size: 16px;\">lat\u00e9rale<\/span> r\u00e9fl\u00e9chissante ; \u00e9carteur de danger.<\/span><\/strong><\/p>\n<h2 style=\"text-align: left;\"><span style=\"color: #0000ff;\"><strong>RAPPEL POUR LES UTILISATEURS D'ENGIN DE D\u00c9PLACEMENT PERSONNEL MOTORIS\u00c9 (TROTTINETTES \u00c9LECTRIQUES OU AUTRE)<\/strong><\/span><\/h2>\n<p><img loading=\"lazy\" decoding=\"async\" class=\"alignnone wp-image-6035 size-large colorbox-6024\" src=\"https:\/\/www.amsra.fr\/blog\/wp-content\/uploads\/2021\/11\/Regles-trottinette-2-1024x933.png\" alt=\"\" width=\"625\" height=\"569\" srcset=\"https:\/\/www.amsra.fr\/blog\/wp-content\/uploads\/2021\/11\/Regles-trottinette-2-1024x933.png 1024w, https:\/\/www.amsra.fr\/blog\/wp-content\/uploads\/2021\/11\/Regles-trottinette-2-329x300.png 329w, https:\/\/www.amsra.fr\/blog\/wp-content\/uploads\/2021\/11\/Regles-trottinette-2-768x700.png 768w, https:\/\/www.amsra.fr\/blog\/wp-content\/uploads\/2021\/11\/Regles-trottinette-2-1536x1399.png 1536w, https:\/\/www.amsra.fr\/blog\/wp-content\/uploads\/2021\/11\/Regles-trottinette-2-2048x1866.png 2048w, https:\/\/www.amsra.fr\/blog\/wp-content\/uploads\/2021\/11\/Regles-trottinette-2-624x568.png 624w\" sizes=\"auto, (max-width: 625px) 100vw, 625px\" \/><\/p>\n<p style=\"text-align: justify;\"><span style=\"font-size: 12pt;\"><strong><span style=\"color: #ff0000;\">Obligatoires pour le cycle : <\/span><span style=\"color: #000000;\">Feu blanc ou jaune \u00e0 l'avant (la nuit ou si visibilit\u00e9 insuffisante) ; feu arri\u00e8re rouge non clignotant (la nuit ou si visibilit\u00e9 insuffisante) ; catadioptres de couleur rouge \u00e0 l'arri\u00e8re, de couleur blanche \u00e0 l'avant, de couleur orange sur les c\u00f4t\u00e9s, freins avant et arri\u00e8re ; avertisseur sonore.<\/span><\/strong><\/span><\/p>\n<p style=\"text-align: justify;\"><span style=\"color: #ff0000;\"><strong><span style=\"font-size: 12pt;\">Obligatoires pour le conducteur : <span style=\"color: #000000;\">gilet pour tout conducteur circulant hors agglom\u00e9ration,\u00a0 la nuit ou lorsque la visibilit\u00e9 est insuffisante ;\u00a0<\/span><\/span><\/strong><\/span><\/p>\n<p style=\"text-align: justify;\"><strong><span style=\"font-size: 12pt;\"><span style=\"color: #ff6600;\">Fortement recommand\u00e9s : <span style=\"color: #000000;\">en\u00a0toutes circonstances, casque et gilet r\u00e9tror\u00e9fl\u00e9chissant.<\/span><\/span><\/span><\/strong><\/p>\n","protected":false},"excerpt":{"rendered":"<p>Depuis le 31 octobre, nous sommes pass\u00e9s en horaire d&rsquo;hiver. Par cons\u00e9quence, la nuit appara\u00eet plut\u00f4t. \u00c0 la fin de l&rsquo;automne et durant tout l&rsquo;hiver, au coucher du soleil et au lever, la visibilit\u00e9 est moindre, les contrastes sont plus faibles et notre champ de vision binoculaire est r\u00e9tr\u00e9ci. A ces facteurs s&rsquo;ajoutent souvent les [&hellip;]<\/p>\n","protected":false},"author":2,"featured_media":0,"comment_status":"closed","ping_status":"closed","sticky":false,"template":"","format":"standard","meta":{"footnotes":""},"categories":[1],"tags":[],"class_list":["post-6024","post","type-post","status-publish","format-standard","hentry","category-uncategorized"],"_links":{"self":[{"href":"https:\/\/www.amsra.fr\/blog\/wp-json\/wp\/v2\/posts\/6024","targetHints":{"allow":["GET"]}}],"collection":[{"href":"https:\/\/www.amsra.fr\/blog\/wp-json\/wp\/v2\/posts"}],"about":[{"href":"https:\/\/www.amsra.fr\/blog\/wp-json\/wp\/v2\/types\/post"}],"author":[{"embeddable":true,"href":"https:\/\/www.amsra.fr\/blog\/wp-json\/wp\/v2\/users\/2"}],"replies":[{"embeddable":true,"href":"https:\/\/www.amsra.fr\/blog\/wp-json\/wp\/v2\/comments?post=6024"}],"version-history":[{"count":8,"href":"https:\/\/www.amsra.fr\/blog\/wp-json\/wp\/v2\/posts\/6024\/revisions"}],"predecessor-version":[{"id":6038,"href":"https:\/\/www.amsra.fr\/blog\/wp-json\/wp\/v2\/posts\/6024\/revisions\/6038"}],"wp:attachment":[{"href":"https:\/\/www.amsra.fr\/blog\/wp-json\/wp\/v2\/media?parent=6024"}],"wp:term":[{"taxonomy":"category","embeddable":true,"href":"https:\/\/www.amsra.fr\/blog\/wp-json\/wp\/v2\/categories?post=6024"},{"taxonomy":"post_tag","embeddable":true,"href":"https:\/\/www.amsra.fr\/blog\/wp-json\/wp\/v2\/tags?post=6024"}],"curies":[{"name":"wp","href":"https:\/\/api.w.org\/{rel}","templated":true}]}}