{"id":6009,"date":"2021-10-21T16:20:42","date_gmt":"2021-10-21T14:20:42","guid":{"rendered":"https:\/\/www.amsra.fr\/blog\/?p=6009"},"modified":"2025-12-18T19:49:31","modified_gmt":"2025-12-18T18:49:31","slug":"action-tratel-a-bussac-la-foret-17-le-08-10-2021","status":"publish","type":"post","link":"https:\/\/www.amsra.fr\/blog\/actualites\/action-tratel-a-bussac-la-foret-17-le-08-10-2021","title":{"rendered":"ACTION TRATEL A BUSSAC LA FOR\u00caT (17) &#8211; LE 08 10 2021"},"content":{"rendered":"<p>Une semaine apr\u00e8s, nous \u00e9tions pour la m\u00eame soci\u00e9t\u00e9 \u00e0 Bussac la For\u00eat en Charente.<\/p>\n<p>Quelques photos :<\/p>\n<p><a href=\"https:\/\/www.amsra.fr\/blog\/wp-content\/uploads\/2021\/10\/WhatsApp-Image-2021-10-08-at-14.53.32.jpeg\"><img loading=\"lazy\" decoding=\"async\" class=\"alignnone wp-image-5992 size-thumbnail colorbox-6009\" src=\"https:\/\/www.amsra.fr\/blog\/wp-content\/uploads\/2021\/10\/WhatsApp-Image-2021-10-08-at-14.53.32-150x150.jpeg\" alt=\"\" width=\"150\" height=\"150\" \/><\/a> <a href=\"https:\/\/www.amsra.fr\/blog\/wp-content\/uploads\/2021\/10\/WhatsApp-Image-2021-10-08-at-14.53.32-1.jpeg\"><img loading=\"lazy\" decoding=\"async\" class=\"alignnone wp-image-5991 size-thumbnail colorbox-6009\" src=\"https:\/\/www.amsra.fr\/blog\/wp-content\/uploads\/2021\/10\/WhatsApp-Image-2021-10-08-at-14.53.32-1-150x150.jpeg\" alt=\"\" width=\"150\" height=\"150\" \/><\/a> <a href=\"https:\/\/www.amsra.fr\/blog\/wp-content\/uploads\/2021\/10\/WhatsApp-Image-2021-10-08-at-14.53.31.jpeg\"><img loading=\"lazy\" decoding=\"async\" class=\"alignnone wp-image-5990 size-thumbnail colorbox-6009\" src=\"https:\/\/www.amsra.fr\/blog\/wp-content\/uploads\/2021\/10\/WhatsApp-Image-2021-10-08-at-14.53.31-150x150.jpeg\" alt=\"\" width=\"150\" height=\"150\" \/><\/a> <a href=\"https:\/\/www.amsra.fr\/blog\/wp-content\/uploads\/2021\/10\/WhatsApp-Image-2021-10-08-at-14.53.28.jpeg\"><img loading=\"lazy\" decoding=\"async\" class=\"alignnone wp-image-5989 size-thumbnail colorbox-6009\" src=\"https:\/\/www.amsra.fr\/blog\/wp-content\/uploads\/2021\/10\/WhatsApp-Image-2021-10-08-at-14.53.28-150x150.jpeg\" alt=\"\" width=\"150\" height=\"150\" \/><\/a><\/p>\n","protected":false},"excerpt":{"rendered":"<p>Une semaine apr\u00e8s, nous \u00e9tions pour la m\u00eame soci\u00e9t\u00e9 \u00e0 Bussac la For\u00eat en Charente. Quelques photos :<\/p>\n","protected":false},"author":2,"featured_media":0,"comment_status":"closed","ping_status":"closed","sticky":false,"template":"","format":"standard","meta":{"footnotes":""},"categories":[16],"tags":[],"class_list":["post-6009","post","type-post","status-publish","format-standard","hentry","category-actualites"],"_links":{"self":[{"href":"https:\/\/www.amsra.fr\/blog\/wp-json\/wp\/v2\/posts\/6009","targetHints":{"allow":["GET"]}}],"collection":[{"href":"https:\/\/www.amsra.fr\/blog\/wp-json\/wp\/v2\/posts"}],"about":[{"href":"https:\/\/www.amsra.fr\/blog\/wp-json\/wp\/v2\/types\/post"}],"author":[{"embeddable":true,"href":"https:\/\/www.amsra.fr\/blog\/wp-json\/wp\/v2\/users\/2"}],"replies":[{"embeddable":true,"href":"https:\/\/www.amsra.fr\/blog\/wp-json\/wp\/v2\/comments?post=6009"}],"version-history":[{"count":2,"href":"https:\/\/www.amsra.fr\/blog\/wp-json\/wp\/v2\/posts\/6009\/revisions"}],"predecessor-version":[{"id":6011,"href":"https:\/\/www.amsra.fr\/blog\/wp-json\/wp\/v2\/posts\/6009\/revisions\/6011"}],"wp:attachment":[{"href":"https:\/\/www.amsra.fr\/blog\/wp-json\/wp\/v2\/media?parent=6009"}],"wp:term":[{"taxonomy":"category","embeddable":true,"href":"https:\/\/www.amsra.fr\/blog\/wp-json\/wp\/v2\/categories?post=6009"},{"taxonomy":"post_tag","embeddable":true,"href":"https:\/\/www.amsra.fr\/blog\/wp-json\/wp\/v2\/tags?post=6009"}],"curies":[{"name":"wp","href":"https:\/\/api.w.org\/{rel}","templated":true}]}}