{"id":149,"date":"2015-02-28T19:12:25","date_gmt":"2015-02-28T19:12:25","guid":{"rendered":"https:\/\/www.amsra.fr\/blog\/?p=149"},"modified":"2016-01-04T17:39:19","modified_gmt":"2016-01-04T16:39:19","slug":"vitesse-et-securite","status":"publish","type":"post","link":"https:\/\/www.amsra.fr\/blog\/uncategorized\/vitesse-et-securite","title":{"rendered":"VITESSE ET S\u00c9CURIT\u00c9"},"content":{"rendered":"<p>&nbsp;<\/p>\n<table class=\"tableau-image alignleft\" cellpadding=\"2mm\">\n<tbody>\n<tr>\n<td style=\"text-align: left; vertical-align: middle;\"><a href=\"https:\/\/www.amsra.fr\/blog\/wp-content\/uploads\/2015\/03\/DSCF1686-pour-blog.jpg\"><img loading=\"lazy\" decoding=\"async\" class=\"alignleft wp-image-293 colorbox-149\" title=\"Voiture tonneau\" src=\"https:\/\/www.amsra.fr\/blog\/wp-content\/uploads\/2015\/03\/DSCF1686-pour-blog-150x150.jpg\" alt=\"DSCF1686 pour blog\" width=\"150\" height=\"150\" \/><\/a><\/td>\n<td style=\"vertical-align: top; text-align: justify;\">\n<h2>ENJEU<\/h2>\n<p>En 2012, La vitesse est responsable de 26% des accidents mortels. Nous constatons une augmentation annuelle des infractions \u00e0 la vitesse durant les ann\u00e9es 2009 \u00e0 2012 de 29 %. sur cette p\u00e9riode. En Gironde, en 2013, 30 % des tu\u00e9s l\u2019ont \u00e9t\u00e9 par une vitesse excessive, cause principale de l\u2019accident.<\/td>\n<\/tr>\n<tr>\n<td style=\"text-align: left; vertical-align: middle;\"><a href=\"https:\/\/www.amsra.fr\/blog\/wp-content\/uploads\/2015\/02\/Vitesse.1.png\"><img loading=\"lazy\" decoding=\"async\" class=\"alignnone wp-image-139 size-thumbnail colorbox-149\" title=\"Tu\u00e9s par cause en 2013\" src=\"https:\/\/www.amsra.fr\/blog\/wp-content\/uploads\/2015\/02\/Vitesse.1-150x150.png\" alt=\"Vitesse.1\" width=\"150\" height=\"150\" \/><\/a><\/td>\n<td style=\"vertical-align: top; text-align: justify;\">\n<h2>OBJECTIFS<\/h2>\n<p>Faire prendre conscience au plus grand nombre des conducteurs des dangers li\u00e9s \u00e0 la vitesse, facteur aggravant en terme d\u2019accidentalit\u00e9 et l\u2019une des causes principales des accidents routiers.<\/td>\n<\/tr>\n<\/tbody>\n<\/table>\n<h2>DESCRIPTIF D\u00c9TAILL\u00c9<\/h2>\n<p style=\"text-align: justify;\">Faire constater comment la vitesse est un facteur aggravant dans l\u2019accident et aider les personnes \u00e0 faire face \u00e0 l\u2019incompr\u00e9hension qui est souvent la leur face aux limitations de vitesse.<\/p>\n<p style=\"text-align: justify;\">Montrer comment il est illusoire de croire qu\u2019une vitesse \u00e9lev\u00e9e permet des gains de temps importants sur un trajet donn\u00e9.<\/p>\n<p style=\"text-align: justify;\">Promouvoir l\u2019\u00e9coconduite qui non seulement aide \u00e0 la protection de l\u2019environnement mais qui, par une vitesse adapt\u00e9e, permet une meilleure s\u00e9curit\u00e9 mais aussi une d\u00e9pense moindre en carburant et entretien.<\/p>\n<p style=\"text-align: justify;\">Sensibiliser les \u00e9lus sur les panneaux d\u2019entr\u00e9e et de sortie d\u2019agglom\u00e9rations afin que ceux-ci correspondent \u00e0 la r\u00e9alit\u00e9 de l\u2019habitat environnant afin d\u2019obtenir une meilleure compr\u00e9hension de la part des usagers.<\/p>\n<p style=\"text-align: justify;\">Rappeler qu\u2019entre la perception d\u2019un danger et la r\u00e9action du conducteur, il y a un certain d\u00e9lai qui tient \u00e0 plusieurs facteurs comme la vitesse, l\u2019\u00e9tat de la chauss\u00e9e, l\u2019\u00e9tat du v\u00e9hicule, la vision, la fatigue, la consommation d\u2019alcool ou de drogues...<\/p>\n<p style=\"text-align: justify;\">Des moyens important peuvent \u00eatre mis en \u0153uvre :<\/p>\n<ul>\n<li>radar p\u00e9dagogique mobile<\/li>\n<li>radar Viking<\/li>\n<li>r\u00e9actiom\u00e8tre<\/li>\n<li>testochoc<\/li>\n<li>voiture tonneau<\/li>\n<\/ul>\n<h2 style=\"text-align: justify;\">PARAM\u00c8TRES<\/h2>\n<table cellpadding=\"2mm\">\n<tbody>\n<tr>\n<td style=\"text-align: left; vertical-align: middle;\"><span style=\"font-family: arial,helvetica,sans-serif; font-size: 10pt;\"><strong>ENJEU<\/strong><\/span><\/td>\n<td><span style=\"font-family: arial,helvetica,sans-serif; font-size: 10pt;\"><strong>Alcool, drogues<\/strong><\/span><\/td>\n<\/tr>\n<tr>\n<td><span style=\"font-family: arial,helvetica,sans-serif; font-size: 10pt;\"><strong>CAT\u00c9GORIE<\/strong><\/span><\/td>\n<td><span style=\"font-family: arial,helvetica,sans-serif; font-size: 10pt;\"><strong>National<\/strong><\/span><\/td>\n<\/tr>\n<tr>\n<td><span style=\"font-family: arial,helvetica,sans-serif; font-size: 10pt;\"><strong>CIBLE<\/strong><\/span><\/td>\n<td><span style=\"font-family: arial,helvetica,sans-serif; font-size: 10pt;\"><strong>Tous publics<\/strong><\/span><\/td>\n<\/tr>\n<tr>\n<td><span style=\"font-family: arial,helvetica,sans-serif; font-size: 10pt;\"><strong>\u00c9TABLISSEMENT<\/strong><\/span><\/td>\n<td><span style=\"font-family: arial,helvetica,sans-serif; font-size: 10pt;\"><strong>Tous \u00e9tablissements<\/strong><\/span><\/td>\n<\/tr>\n<tr>\n<td><span style=\"font-family: arial,helvetica,sans-serif; font-size: 10pt;\"><strong>\u00c2GE<\/strong><\/span><\/td>\n<td><span style=\"font-family: arial,helvetica,sans-serif; font-size: 10pt;\"><strong>Tous \u00e2ges<\/strong><\/span><\/td>\n<\/tr>\n<tr>\n<td><span style=\"font-family: arial,helvetica,sans-serif; font-size: 10pt;\"><strong>GROUPE<\/strong><\/span><\/td>\n<td><span style=\"font-family: arial,helvetica,sans-serif; font-size: 10pt;\"><strong>15 \u00e0 20 personnes<\/strong><\/span><\/td>\n<\/tr>\n<tr>\n<td><span style=\"font-family: arial,helvetica,sans-serif; font-size: 10pt;\"><strong>LIEU<\/strong><\/span><\/td>\n<td><span style=\"font-family: arial,helvetica,sans-serif; font-size: 10pt;\"><strong>Salle de conf\u00e9rence, disposition en U<\/strong><\/span><\/td>\n<\/tr>\n<tr>\n<td><span style=\"font-family: arial,helvetica,sans-serif; font-size: 10pt;\"><strong>MAT\u00c9RIEL<\/strong><\/span><\/td>\n<td><span style=\"font-family: arial,helvetica,sans-serif; font-size: 10pt;\"><strong>Vid\u00e9oprojecteur, \u00e9cran<\/strong><\/span><\/td>\n<\/tr>\n<tr>\n<td><span style=\"font-family: arial,helvetica,sans-serif; font-size: 10pt;\"><strong>INTERVENANTS<\/strong><\/span><\/td>\n<td><span style=\"font-family: arial,helvetica,sans-serif; font-size: 10pt;\"><strong>1 \u00e0 2 IDSR<\/strong><\/span><\/td>\n<\/tr>\n<tr>\n<td><span style=\"font-family: arial,helvetica,sans-serif; font-size: 10pt;\"><strong>DUR\u00c9E<\/strong><\/span><\/td>\n<td><span style=\"font-family: arial,helvetica,sans-serif; font-size: 10pt;\"><strong>60 \u00e0 90 minutes<\/strong><\/span><\/td>\n<\/tr>\n<tr>\n<td><span style=\"font-family: arial,helvetica,sans-serif; font-size: 10pt;\"><strong>BRANCHEMENTS<\/strong><\/span><\/td>\n<td><span style=\"font-family: arial,helvetica,sans-serif; font-size: 10pt;\"><strong>3 prises, 220 V (16 A)<\/strong><\/span><\/td>\n<\/tr>\n<tr>\n<td><span style=\"font-family: arial,helvetica,sans-serif; font-size: 10pt;\"><strong>M\u00c9DIAS<\/strong><\/span><\/td>\n<td><span style=\"font-family: arial,helvetica,sans-serif; font-size: 10pt;\"><strong>Diaporama, film...<\/strong><\/span><\/td>\n<\/tr>\n<\/tbody>\n<\/table>\n<p>&nbsp;<\/p>\n","protected":false},"excerpt":{"rendered":"<p>&nbsp; ENJEU En 2012, La vitesse est responsable de 26% des accidents mortels. Nous constatons une augmentation annuelle des infractions \u00e0 la vitesse durant les ann\u00e9es 2009 \u00e0 2012 de 29 %. sur cette p\u00e9riode. En Gironde, en 2013, 30 % des tu\u00e9s l\u2019ont \u00e9t\u00e9 par une vitesse excessive, cause principale de l\u2019accident. OBJECTIFS Faire [&hellip;]<\/p>\n","protected":false},"author":2,"featured_media":0,"comment_status":"closed","ping_status":"open","sticky":false,"template":"","format":"standard","meta":{"footnotes":""},"categories":[1],"tags":[36,94,92,47,62,38,42,93,54,61,59,46,45],"class_list":["post-149","post","type-post","status-publish","format-standard","hentry","category-uncategorized","tag-alcool","tag-amsra","tag-aquitaine","tag-drogue","tag-eco-cpnduite","tag-ecoconduite","tag-education","tag-gironde","tag-medicament","tag-prevention","tag-securite","tag-securite-routiere","tag-vitesse"],"_links":{"self":[{"href":"https:\/\/www.amsra.fr\/blog\/wp-json\/wp\/v2\/posts\/149","targetHints":{"allow":["GET"]}}],"collection":[{"href":"https:\/\/www.amsra.fr\/blog\/wp-json\/wp\/v2\/posts"}],"about":[{"href":"https:\/\/www.amsra.fr\/blog\/wp-json\/wp\/v2\/types\/post"}],"author":[{"embeddable":true,"href":"https:\/\/www.amsra.fr\/blog\/wp-json\/wp\/v2\/users\/2"}],"replies":[{"embeddable":true,"href":"https:\/\/www.amsra.fr\/blog\/wp-json\/wp\/v2\/comments?post=149"}],"version-history":[{"count":19,"href":"https:\/\/www.amsra.fr\/blog\/wp-json\/wp\/v2\/posts\/149\/revisions"}],"predecessor-version":[{"id":1515,"href":"https:\/\/www.amsra.fr\/blog\/wp-json\/wp\/v2\/posts\/149\/revisions\/1515"}],"wp:attachment":[{"href":"https:\/\/www.amsra.fr\/blog\/wp-json\/wp\/v2\/media?parent=149"}],"wp:term":[{"taxonomy":"category","embeddable":true,"href":"https:\/\/www.amsra.fr\/blog\/wp-json\/wp\/v2\/categories?post=149"},{"taxonomy":"post_tag","embeddable":true,"href":"https:\/\/www.amsra.fr\/blog\/wp-json\/wp\/v2\/tags?post=149"}],"curies":[{"name":"wp","href":"https:\/\/api.w.org\/{rel}","templated":true}]}}